[{"@context":"https:\/\/schema.org\/","@type":"Article","@id":"https:\/\/www.hejrov.cz\/darek-ktery-potesi\/#Article","mainEntityOfPage":"https:\/\/www.hejrov.cz\/darek-ktery-potesi\/","headline":"D\u00e1rek, kter\u00fd pot\u011b\u0161\u00ed","name":"D\u00e1rek, kter\u00fd pot\u011b\u0161\u00ed","description":"Nen\u00ed \u017eeny, kter\u00e1 by se necht\u011bla l\u00edbit. Ka\u017ed\u00e1 m\u00e1 sv\u016fj styl a v\u00ed, co se k n\u00ed hod\u00ed a v \u010dem se c\u00edt\u00ed dob\u0159e. A\u0165 u\u017e m\u00e1 v \u0161atn\u00edku t\u0159i nebo deset v\u011bc\u00ed, z kter\u00fdch vytv\u00e1\u0159\u00ed sv\u00e9 outfity, stejn\u011b neust\u00e1le tou\u017e\u00ed po zm\u011bn\u011b. N\u011bco nov\u00e9ho, praktick\u00e9ho nebo kr\u00e1sn\u011b zbarven\u00e9ho, prost\u011b...","datePublished":"2017-12-23","dateModified":"2017-12-23","author":{"@type":"Person","@id":"https:\/\/www.hejrov.cz\/author\/devene\/#Person","name":"devene","url":"https:\/\/www.hejrov.cz\/author\/devene\/","identifier":1,"image":{"@type":"ImageObject","@id":"https:\/\/secure.gravatar.com\/avatar\/087c2e57f451bc02fa8017914855d7c40cf6c7d5dc1637b868e007adc26322d1?s=96&d=mm&r=g","url":"https:\/\/secure.gravatar.com\/avatar\/087c2e57f451bc02fa8017914855d7c40cf6c7d5dc1637b868e007adc26322d1?s=96&d=mm&r=g","height":96,"width":96}},"publisher":{"@type":"Organization","name":"hejrov.cz","logo":{"@type":"ImageObject","@id":"\/logo.png","url":"\/logo.png","width":600,"height":60}},"image":{"@type":"ImageObject","@id":"https:\/\/www.hejrov.cz\/wp-content\/uploads\/img_a315844_w2078_t1526761272.jpg","url":"https:\/\/www.hejrov.cz\/wp-content\/uploads\/img_a315844_w2078_t1526761272.jpg","height":0,"width":0},"url":"https:\/\/www.hejrov.cz\/darek-ktery-potesi\/","about":["IT"],"wordCount":473,"articleBody":"  Nen\u00ed \u017eeny, kter\u00e1 by se necht\u011bla l\u00edbit. Ka\u017ed\u00e1 m\u00e1 sv\u016fj styl a v\u00ed, co se k n\u00ed hod\u00ed a v \u010dem se c\u00edt\u00ed dob\u0159e. A\u0165 u\u017e m\u00e1 v \u0161atn\u00edku t\u0159i nebo deset v\u011bc\u00ed, z kter\u00fdch vytv\u00e1\u0159\u00ed sv\u00e9 outfity, stejn\u011b neust\u00e1le tou\u017e\u00ed po zm\u011bn\u011b. N\u011bco nov\u00e9ho, praktick\u00e9ho nebo kr\u00e1sn\u011b zbarven\u00e9ho, prost\u011b o\u017eivit n\u011b\u010d\u00edm nov\u00fdm sv\u016fj \u0161atn\u00edk. Ka\u017ed\u00e1 z n\u00e1s pot\u0159ebuje m\u00edt krom\u011b oble\u010den\u00ed je\u0161t\u011b spoustu v\u011bc\u00ed, bez kter\u00fdch si nedovede p\u0159edstavit sv\u016fj pohyb mimo domov. Takov\u00fdm kouskem je i kabelka, do kter\u00e9 vkl\u00e1d\u00e1me spoustu nezbytn\u00fdch mali\u010dkost\u00ed nebo ji vyu\u017e\u00edv\u00e1me k p\u0159enosu d\u016fle\u017eit\u00fdch dokument\u016f \u010di knih a se\u0161it\u016f. Tato d\u016fle\u017eit\u00e1 \u010d\u00e1st na\u0161eho outfitu je pro ka\u017edou \u017eenu t\u0159e\u0161ni\u010dkou na dortu. Na trhu je toti\u017e spousta tvar\u016f, velikost\u00ed a barevn\u00fdch variant. N\u011bkdy je a\u017e t\u011b\u017ek\u00e9, vybrat si tu pravou pro sebe. Pokud m\u00e1te stejn\u00fd probl\u00e9m, \u0159ekn\u011bte sv\u00e9mu p\u0159\u00edteli nebo man\u017eelovi o va\u0161ich touh\u00e1ch, samoz\u0159ejm\u011b s p\u0159esn\u00fdm popisem. Odpadne v\u00e1m tak rozhodov\u00e1n\u00ed p\u0159i v\u00fdb\u011bru. S jednou si nevysta\u010d\u00edte Barevn\u00e1, velk\u00e1, mal\u00e1, do spole\u010dnosti, do zam\u011bstn\u00e1n\u00ed nebo na kafe s kamar\u00e1dkou. Ta\u0161ky a kabelky bereme s sebou p\u0159i ka\u017ed\u00e9 p\u0159\u00edle\u017eitosti. A aby taky ne. V\u017edy\u0165 pot\u0159ebujeme tolik v\u011bc\u00ed, bez kter\u00fdch si nedovedeme p\u0159edstavit n\u00e1\u0161 \u017eivot a pobyt n\u011bkde venku. Na n\u00e1kupy bereme samoz\u0159ejm\u011b tu nejv\u011bt\u0161\u00ed a pevnou tak, aby vydr\u017eela tu t\u00edhu, kterou mus\u00ed un\u00e9st. Do zam\u011bstn\u00e1n\u00ed nebo p\u0159\u00edpadn\u011b na sch\u016fzku u\u017e si vyb\u00edr\u00e1me n\u011bco decentn\u011bj\u0161\u00edho. Prost\u011b takov\u00fd typ, o kter\u00e9m v\u00edme, \u017ee n\u00e1m bude ladit s na\u0161imi nov\u00fdmi \u0161aty nebo svet\u0159\u00edkem. Velikost a tvar je d\u016fle\u017eit\u00fd, ale je\u0161t\u011b d\u016fle\u017eit\u011bj\u0161\u00ed je barva. Barevn\u00fdm variac\u00edm se v dne\u0161n\u00ed dob\u011b meze nekladou. U\u017e neplat\u00ed pravidlo, \u017ee v\u0161e mus\u00ed ladit t\u00f3n s t\u00f3nem. A kdy\u017e si nebudete v\u011bd\u011bt rady, kr\u00e9mov\u00e1 kabelka bude pro v\u00e1s z\u00e1chranou, proto\u017ee s touto neutr\u00e1ln\u00ed barvou skv\u011ble dopln\u00edte ka\u017ed\u00fd sv\u016fj outfit.  Bu\u010fte sv\u00e1 Neohl\u00ed\u017eejte se na pravidla a bu\u010fte sv\u00e1. Tou\u017e\u00edte-li po zm\u011bn\u011b, ud\u011blejte to. Toto pravidlo plat\u00ed nejen v \u017eivot\u011b, ale i v obl\u00e9k\u00e1n\u00ed a ve va\u0161em stylu. A\u0165 u\u017e chcete vystupovat za rebelku nebo decentn\u00ed d\u00e1mu, kr\u00e9mov\u00e1 kabelka podtrhne ka\u017edou osobnost.                                                                                                                                                                                                                                                                                                                                                                                         4.4\/5 - (5 votes)        "},{"@context":"https:\/\/schema.org\/","@type":"BreadcrumbList","itemListElement":[{"@type":"ListItem","position":1,"name":"D\u00e1rek, kter\u00fd pot\u011b\u0161\u00ed","item":"https:\/\/www.hejrov.cz\/darek-ktery-potesi\/#breadcrumbitem"}]}]